{"id":1111,"date":"2026-09-03T12:24:30","date_gmt":"2026-09-03T10:24:30","guid":{"rendered":"https:\/\/www.mieuxvivrepoissy.fr\/?p=1111"},"modified":"2026-09-04T13:05:11","modified_gmt":"2026-09-04T11:05:11","slug":"forum-des-associations-un-rassemblement-qui-exclut","status":"publish","type":"post","link":"https:\/\/www.mieuxvivrepoissy.fr\/index.php\/2026\/09\/03\/forum-des-associations-un-rassemblement-qui-exclut\/","title":{"rendered":"Forum des associations : Un rassemblement&#8230; qui exclut"},"content":{"rendered":"\n<p class=\"wp-block-paragraph\">Le forum des associations de Poissy aura lieu au COSEC de 10h \u00e0 17h ce samedi 5 septembre<\/p>\n\n\n\n<p class=\"wp-block-paragraph\">Nous souhaitons adresser un message de soutien chaleureux aux associations qui font vivre notre commune. Sur les 450 associations loi 1901 recens\u00e9es par la Ville, elles seront 116 \u00e0 pr\u00e9senter leurs activit\u00e9s, essentielles \u00e0 la vitalit\u00e9 d\u00e9mocratique et au lien social.<\/p>\n\n\n\n<p class=\"wp-block-paragraph\">Nous regrettons toutefois deux absences significatives :<\/p>\n\n\n\n<ul class=\"wp-block-list\">\n<li>aucune association du secteur du handicap ne sera repr\u00e9sent\u00e9e ;<\/li>\n<\/ul>\n\n\n\n<ul class=\"wp-block-list\">\n<li>aucune association d\u2019anciens combattants ne participera non plus, alors que la Ville en compte 9.<\/li>\n<\/ul>\n\n\n\n<p class=\"wp-block-paragraph\">Ces manques interrogent sur la capacit\u00e9 du Forum \u00e0 refl\u00e9ter pleinement la diversit\u00e9 du tissu associatif local.<\/p>\n\n\n\n<blockquote class=\"wp-block-quote is-layout-flow wp-block-quote-is-layout-flow\">\n<p class=\"wp-block-paragraph\"><img loading=\"lazy\" decoding=\"async\" height=\"16\" width=\"16\" alt=\"\u26a0\" src=\"https:\/\/static.xx.fbcdn.net\/images\/emoji.php\/v9\/tdc\/1\/16\/26a0.png\">Nous regrettons \u00e9galement que notre association n\u2019ait pas \u00e9t\u00e9 autoris\u00e9e \u00e0 tenir un stand, malgr\u00e9 une demande envoy\u00e9e le 26 mai.<\/p>\n<\/blockquote>\n\n\n\n<p class=\"wp-block-paragraph\">Par courrier du 13 juillet, la Mairie nous a oppos\u00e9 deux motifs :<\/p>\n\n\n\n<p class=\"wp-block-paragraph\">Le nombre d\u2019emplacements serait limit\u00e9 par la commission de s\u00e9curit\u00e9.<\/p>\n\n\n\n<p class=\"wp-block-paragraph\"><img loading=\"lazy\" decoding=\"async\" height=\"16\" width=\"16\" alt=\"\u2753\" src=\"https:\/\/static.xx.fbcdn.net\/images\/emoji.php\/v9\/t4c\/1\/16\/2753.png\">Pourtant, 118 associations \u00e9taient pr\u00e9sentes l\u2019an dernier. 116 cette ann\u00e9e. Deux places de moins\u2026 mais aucune explication sur un \u00e9ventuel changement de consigne. Quand on veut exclure, on trouve toujours une raison.<\/p>\n\n\n\n<p class=\"wp-block-paragraph\">Un nouvel arr\u00eat\u00e9 du 13 juillet 2026 exclut d\u00e9sormais les associations \u00e0 caract\u00e8re politique.<\/p>\n\n\n\n<p class=\"wp-block-paragraph\"><img loading=\"lazy\" decoding=\"async\" height=\"16\" width=\"16\" alt=\"\u2753\" src=\"https:\/\/static.xx.fbcdn.net\/images\/emoji.php\/v9\/t4c\/1\/16\/2753.png\">Probl\u00e8me : au moment de notre demande, cette r\u00e8gle n\u2019existait pas. Elle a \u00e9t\u00e9 cr\u00e9\u00e9e apr\u00e8s notre sollicitation, puis utilis\u00e9e pour nous \u00e9carter. Ce choix est d\u2019autant plus regrettable que la gauche et l\u2019\u00e9cologie ne sont plus repr\u00e9sent\u00e9es au conseil municipal depuis l\u2019\u00e9lection des 15 et 22 mars 2026.<\/p>\n\n\n\n<blockquote class=\"wp-block-quote is-layout-flow wp-block-quote-is-layout-flow\">\n<p class=\"wp-block-paragraph\">Malgr\u00e9 ce refus, notre engagement reste entier.<\/p>\n<\/blockquote>\n\n\n\n<p class=\"wp-block-paragraph\">Lors de la derni\u00e8re \u00e9lection municipale, nous avions port\u00e9 un programme clair pour renforcer la place des associations dans la vie locale :<\/p>\n\n\n\n<ol class=\"wp-block-list\">\n<li>Mettre \u00e0 disposition des locaux et du mat\u00e9riel\n<ul class=\"wp-block-list\">\n<li>Avec un planning des salles consultable en ligne et des formations propos\u00e9es (comptabilit\u00e9, droit, premiers secours)<\/li>\n<\/ul>\n<\/li>\n\n\n\n<li>Rendre transparents les crit\u00e8res d\u2019attribution des subventions\n<ul class=\"wp-block-list\">\n<li>En publiant les crit\u00e8res et en co\u2011construisant une grille avec les associations<\/li>\n<\/ul>\n<\/li>\n\n\n\n<li>Donner plus de visibilit\u00e9 aux associations\n<ul class=\"wp-block-list\">\n<li>Via une Maison des associations, un site d\u00e9di\u00e9, et la possibilit\u00e9 d\u2019adh\u00e9rer en ligne.<\/li>\n<\/ul>\n<\/li>\n<\/ol>\n\n\n\n<p class=\"wp-block-paragraph\">Nous continuerons \u00e0 d\u00e9fendre une vie associative libre, pluraliste, ind\u00e9pendante du pouvoir municipal, qui permette \u00e0 toutes les forces vives de notre commune \u2014 quelles qu\u2019elles soient \u2014 de participer pleinement \u00e0 la construction du bien commun.<\/p>\n\n\n\n<p class=\"wp-block-paragraph\"><\/p>\n","protected":false},"excerpt":{"rendered":"<p>Le forum des associations de Poissy aura lieu au COSEC de 10h \u00e0 17h ce samedi 5 septembre Nous souhaitons adresser un message de soutien chaleureux aux associations qui font vivre notre commune. Sur les 450 associations loi 1901 recens\u00e9es par la Ville, elles seront 116 \u00e0 pr\u00e9senter leurs activit\u00e9s, essentielles \u00e0 la vitalit\u00e9 d\u00e9mocratique [&hellip;]<\/p>\n","protected":false},"author":7,"featured_media":0,"comment_status":"closed","ping_status":"","sticky":false,"template":"","format":"standard","meta":{"footnotes":""},"categories":[10],"tags":[],"class_list":["post-1111","post","type-post","status-publish","format-standard","hentry","category-egalite-et-citoyennete"],"_links":{"self":[{"href":"https:\/\/www.mieuxvivrepoissy.fr\/index.php\/wp-json\/wp\/v2\/posts\/1111","targetHints":{"allow":["GET"]}}],"collection":[{"href":"https:\/\/www.mieuxvivrepoissy.fr\/index.php\/wp-json\/wp\/v2\/posts"}],"about":[{"href":"https:\/\/www.mieuxvivrepoissy.fr\/index.php\/wp-json\/wp\/v2\/types\/post"}],"author":[{"embeddable":true,"href":"https:\/\/www.mieuxvivrepoissy.fr\/index.php\/wp-json\/wp\/v2\/users\/7"}],"replies":[{"embeddable":true,"href":"https:\/\/www.mieuxvivrepoissy.fr\/index.php\/wp-json\/wp\/v2\/comments?post=1111"}],"version-history":[{"count":1,"href":"https:\/\/www.mieuxvivrepoissy.fr\/index.php\/wp-json\/wp\/v2\/posts\/1111\/revisions"}],"predecessor-version":[{"id":1112,"href":"https:\/\/www.mieuxvivrepoissy.fr\/index.php\/wp-json\/wp\/v2\/posts\/1111\/revisions\/1112"}],"wp:attachment":[{"href":"https:\/\/www.mieuxvivrepoissy.fr\/index.php\/wp-json\/wp\/v2\/media?parent=1111"}],"wp:term":[{"taxonomy":"category","embeddable":true,"href":"https:\/\/www.mieuxvivrepoissy.fr\/index.php\/wp-json\/wp\/v2\/categories?post=1111"},{"taxonomy":"post_tag","embeddable":true,"href":"https:\/\/www.mieuxvivrepoissy.fr\/index.php\/wp-json\/wp\/v2\/tags?post=1111"}],"curies":[{"name":"wp","href":"https:\/\/api.w.org\/{rel}","templated":true}]}}